{"id":34,"date":"2020-12-01T14:28:30","date_gmt":"2020-12-01T20:28:30","guid":{"rendered":"http:\/\/veladoraslagloria.com.mx\/blog\/?p=34"},"modified":"2020-12-01T14:28:30","modified_gmt":"2020-12-01T20:28:30","slug":"siempre-agradecidos","status":"publish","type":"post","link":"http:\/\/veladoraslagloria.com.mx\/blog\/2020\/12\/01\/siempre-agradecidos\/","title":{"rendered":"SIEMPRE AGRADECIDOS"},"content":{"rendered":"\n<p>El fin de a\u00f1o ha llegado, y despu\u00e9s de vivir meses donde una mezcla de emociones se hizo presente a nivel mundial, despu\u00e9s de pasar d\u00edas donde todos sin ninguna excepci\u00f3n hemos recordado que la vida es fr\u00e1gil y vulnerable, te invitamos a dedicar unos minutos de reflexi\u00f3n.<\/p>\n\n\n\n<p>2020 nos trajo bastantes retos y con ellos aprendizaje, un a\u00f1o que sin duda nos ha hecho m\u00e1s fuertes; ahora, toma un momento para ti, escoge un espacio tranquilo, puedes encender una vela y poner m\u00fasica relajante, analiza las experiencias tanto buenas como malas que has pasado este a\u00f1o, perm\u00edtete sentir las emociones que traen esos recuerdos.<\/p>\n\n\n\n<p>Es momento de hacer introspecci\u00f3n, \u00bfcu\u00e1ntas veces has escuchado la frase: de lo bueno y lo malo siempre se aprende? Y aunque a veces cueste trabajo comprender que de las situaciones malas se puede tomar algo bueno, es aconsejable reflexionar acerca de lo que una vivencia que podr\u00edas llamar mala o dolorosa, trajo como lecci\u00f3n algo que quedar\u00e1 marcado en tu historia.<\/p>\n\n\n\n<p>Dar gracias por alguna experiencia complicada&nbsp; puede ser dif\u00edcil pero no imposible. Agradece por lo bueno y lo malo, esto te traer\u00e1 una inmensa ense\u00f1anza de vida; al hacerlo aceptar\u00e1s y dejar\u00e1s fluir las cosas. Recuerda que la gratitud es un sentimiento delicado y una virtud que muy pocos seres humanos tienen. Piensa en las personas que tienes a tu alrededor, en las capacidades que tienes con tu cuerpo y mente; agradece por este a\u00f1o que est\u00e1 a punto de culminar, por tener un hogar, por los amigos con los que cuentas, por tener una familia, por la salud, por tu trabajo, por tus metas cumplidas y sobre todo,&nbsp; por la esperanza que hay en tu coraz\u00f3n.<\/p>\n\n\n\n<p>Poco a poco comienza a practicar la gratitud en tu vida, las personas agradecidas dif\u00edcilmente dan espacio a sentimientos negativos como el resentimiento, el arrepentimiento y la envidia.<\/p>\n\n\n\n<p>De nuestra parte agradecemos que nos hayas dado la oportunidad este a\u00f1o de seguir iluminando tu hogar, tu trabajo y tu espacio; deseamos que este \u00faltimo mes del a\u00f1o sea de reflexi\u00f3n y agradecimiento para que tu esp\u00edritu se prepare para recibir un nuevo a\u00f1o.<\/p>\n","protected":false},"excerpt":{"rendered":"<p>El fin de a\u00f1o ha llegado, y despu\u00e9s de vivir meses donde una mezcla de emociones se hizo presente a nivel mundial, despu\u00e9s de pasar d\u00edas donde todos sin ninguna excepci\u00f3n hemos recordado que la vida es fr\u00e1gil y vulnerable, te invitamos a dedicar unos minutos de reflexi\u00f3n.<\/p>\n","protected":false},"author":1,"featured_media":35,"comment_status":"open","ping_status":"open","sticky":false,"template":"","format":"standard","meta":[],"categories":[4],"tags":[],"_links":{"self":[{"href":"http:\/\/veladoraslagloria.com.mx\/blog\/wp-json\/wp\/v2\/posts\/34"}],"collection":[{"href":"http:\/\/veladoraslagloria.com.mx\/blog\/wp-json\/wp\/v2\/posts"}],"about":[{"href":"http:\/\/veladoraslagloria.com.mx\/blog\/wp-json\/wp\/v2\/types\/post"}],"author":[{"embeddable":true,"href":"http:\/\/veladoraslagloria.com.mx\/blog\/wp-json\/wp\/v2\/users\/1"}],"replies":[{"embeddable":true,"href":"http:\/\/veladoraslagloria.com.mx\/blog\/wp-json\/wp\/v2\/comments?post=34"}],"version-history":[{"count":1,"href":"http:\/\/veladoraslagloria.com.mx\/blog\/wp-json\/wp\/v2\/posts\/34\/revisions"}],"predecessor-version":[{"id":36,"href":"http:\/\/veladoraslagloria.com.mx\/blog\/wp-json\/wp\/v2\/posts\/34\/revisions\/36"}],"wp:featuredmedia":[{"embeddable":true,"href":"http:\/\/veladoraslagloria.com.mx\/blog\/wp-json\/wp\/v2\/media\/35"}],"wp:attachment":[{"href":"http:\/\/veladoraslagloria.com.mx\/blog\/wp-json\/wp\/v2\/media?parent=34"}],"wp:term":[{"taxonomy":"category","embeddable":true,"href":"http:\/\/veladoraslagloria.com.mx\/blog\/wp-json\/wp\/v2\/categories?post=34"},{"taxonomy":"post_tag","embeddable":true,"href":"http:\/\/veladoraslagloria.com.mx\/blog\/wp-json\/wp\/v2\/tags?post=34"}],"curies":[{"name":"wp","href":"https:\/\/api.w.org\/{rel}","templated":true}]}}